{"id":113,"date":"2023-09-26T10:32:30","date_gmt":"2023-09-26T08:32:30","guid":{"rendered":"https:\/\/lafermeduharby.be\/?p=113"},"modified":"2024-03-11T10:02:05","modified_gmt":"2024-03-11T09:02:05","slug":"activites-ferme","status":"publish","type":"post","link":"https:\/\/lafermeduharby.be\/?p=113","title":{"rendered":"Activit\u00e9s \u00ab\u00a0Ferme\u00a0\u00bb"},"content":{"rendered":"\n<p><strong>Accueille qui&nbsp;?<\/strong><\/p>\n\n\n\n<p>Adolescent ou adulte pour qui le contact homme-nature-animal appara\u00eet comme privil\u00e9gi\u00e9. La personne handicap\u00e9e adulte : pour lui permettre de se prendre en charge dans une activit\u00e9 qui l\u2019int\u00e9resse. Les jeunes en difficult\u00e9s, pour renouer avec la vie sociale, s\u2019oxyg\u00e9ner, d\u00e9marrer une r\u00e9insertion par quelque chose qui les int\u00e9resse \u2026et toute personne fragilis\u00e9e en recherche de Bien-\u00catre<\/p>\n\n\n\n<p>L\u2019accueil peut se faire individuellement ou par petits groupes<\/p>\n\n\n\n<p><strong>Quand&nbsp;?<\/strong><\/p>\n\n\n\n<p>Toute l\u2019ann\u00e9e, sauf les dimanches et jours f\u00e9ri\u00e9s.<\/p>\n\n\n\n<p><strong>Prix&nbsp;:<\/strong><\/p>\n\n\n\n<p>         En individuel pour personne autonome\u00a0:\u00a0 30 \u20ac \/journ\u00e9e, 18 \u20ac \/ \u00bd journ\u00e9e<\/p>\n\n\n\n<p>        En Groupe\u00a0: s\u00e9ances 1 heure \u00a0\u2018ferme ressourcement\u2019 40 \u20ac par groupe de 5 \u00e0 7 suivant accompagnement<\/p>\n\n\n\n<p>d\u2019autres formules sont possibles sur simple demande<\/p>\n\n\n\n<p>contact\u00a0de pr\u00e9f\u00e9rence par courriel\u00a0\u00a0\u00a0\u00a0\u00a0 <a href=\"mailto:fermeduharby@skynet.be\" target=\"_blank\" rel=\"noopener\" title=\"\">fermeduharby@skynet.be<\/a><\/p>\n\n\n\n<p>\u00a0\u00a0\u00a0\u00a0\u00a0\u00a0\u00a0\u00a0\u00a0\u00a0\u00a0\u00a0\u00a0\u00a0\u00a0\u00a0\u00a0\u00a0\u00a0\u00a0\u00a0\u00a0\u00a0\u00a0\u00a0\u00a0\u00a0\u00a0\u00a0\u00a0\u00a0\u00a0\u00a0 ou par t\u00e9l\u00e9phone\u00a0: 0032 69 455 742<\/p>\n","protected":false},"excerpt":{"rendered":"<p>Accueille qui&nbsp;? Adolescent ou adulte pour qui le contact homme-nature-animal appara\u00eet comme privil\u00e9gi\u00e9. La personne handicap\u00e9e adulte : pour lui permettre de se prendre en charge dans une activit\u00e9 qui l\u2019int\u00e9resse. Les jeunes en difficult\u00e9s, pour renouer avec la vie sociale, s\u2019oxyg\u00e9ner, d\u00e9marrer une r\u00e9insertion par quelque chose qui les int\u00e9resse \u2026et toute personne fragilis\u00e9e [&hellip;]<\/p>\n","protected":false},"author":1,"featured_media":0,"comment_status":"open","ping_status":"open","sticky":false,"template":"","format":"standard","meta":{"om_disable_all_campaigns":false,"_monsterinsights_skip_tracking":false,"_monsterinsights_sitenote_active":false,"_monsterinsights_sitenote_note":"","_monsterinsights_sitenote_category":0,"_uf_show_specific_survey":0,"_uf_disable_surveys":false,"ocean_post_layout":"","ocean_both_sidebars_style":"","ocean_both_sidebars_content_width":0,"ocean_both_sidebars_sidebars_width":0,"ocean_sidebar":"","ocean_second_sidebar":"","ocean_disable_margins":"enable","ocean_add_body_class":"","ocean_shortcode_before_top_bar":"","ocean_shortcode_after_top_bar":"","ocean_shortcode_before_header":"","ocean_shortcode_after_header":"","ocean_has_shortcode":"","ocean_shortcode_after_title":"","ocean_shortcode_before_footer_widgets":"","ocean_shortcode_after_footer_widgets":"","ocean_shortcode_before_footer_bottom":"","ocean_shortcode_after_footer_bottom":"","ocean_display_top_bar":"default","ocean_display_header":"default","ocean_header_style":"","ocean_center_header_left_menu":"","ocean_custom_header_template":"","ocean_custom_logo":0,"ocean_custom_retina_logo":0,"ocean_custom_logo_max_width":0,"ocean_custom_logo_tablet_max_width":0,"ocean_custom_logo_mobile_max_width":0,"ocean_custom_logo_max_height":0,"ocean_custom_logo_tablet_max_height":0,"ocean_custom_logo_mobile_max_height":0,"ocean_header_custom_menu":"","ocean_menu_typo_font_family":"","ocean_menu_typo_font_subset":"","ocean_menu_typo_font_size":0,"ocean_menu_typo_font_size_tablet":0,"ocean_menu_typo_font_size_mobile":0,"ocean_menu_typo_font_size_unit":"px","ocean_menu_typo_font_weight":"","ocean_menu_typo_font_weight_tablet":"","ocean_menu_typo_font_weight_mobile":"","ocean_menu_typo_transform":"","ocean_menu_typo_transform_tablet":"","ocean_menu_typo_transform_mobile":"","ocean_menu_typo_line_height":0,"ocean_menu_typo_line_height_tablet":0,"ocean_menu_typo_line_height_mobile":0,"ocean_menu_typo_line_height_unit":"","ocean_menu_typo_spacing":0,"ocean_menu_typo_spacing_tablet":0,"ocean_menu_typo_spacing_mobile":0,"ocean_menu_typo_spacing_unit":"","ocean_menu_link_color":"","ocean_menu_link_color_hover":"","ocean_menu_link_color_active":"","ocean_menu_link_background":"","ocean_menu_link_hover_background":"","ocean_menu_link_active_background":"","ocean_menu_social_links_bg":"","ocean_menu_social_hover_links_bg":"","ocean_menu_social_links_color":"","ocean_menu_social_hover_links_color":"","ocean_disable_title":"default","ocean_disable_heading":"default","ocean_post_title":"","ocean_post_subheading":"","ocean_post_title_style":"","ocean_post_title_background_color":"","ocean_post_title_background":0,"ocean_post_title_bg_image_position":"","ocean_post_title_bg_image_attachment":"","ocean_post_title_bg_image_repeat":"","ocean_post_title_bg_image_size":"","ocean_post_title_height":0,"ocean_post_title_bg_overlay":0.5,"ocean_post_title_bg_overlay_color":"","ocean_disable_breadcrumbs":"default","ocean_breadcrumbs_color":"","ocean_breadcrumbs_separator_color":"","ocean_breadcrumbs_links_color":"","ocean_breadcrumbs_links_hover_color":"","ocean_display_footer_widgets":"default","ocean_display_footer_bottom":"default","ocean_custom_footer_template":"","ocean_post_oembed":"","ocean_post_self_hosted_media":"","ocean_post_video_embed":"","ocean_link_format":"","ocean_link_format_target":"self","ocean_quote_format":"","ocean_quote_format_link":"post","ocean_gallery_link_images":"on","ocean_gallery_id":[],"footnotes":""},"categories":[9],"tags":[],"class_list":["post-113","post","type-post","status-publish","format-standard","hentry","category-activites-ferme","entry"],"aioseo_notices":[],"_links":{"self":[{"href":"https:\/\/lafermeduharby.be\/index.php?rest_route=\/wp\/v2\/posts\/113","targetHints":{"allow":["GET"]}}],"collection":[{"href":"https:\/\/lafermeduharby.be\/index.php?rest_route=\/wp\/v2\/posts"}],"about":[{"href":"https:\/\/lafermeduharby.be\/index.php?rest_route=\/wp\/v2\/types\/post"}],"author":[{"embeddable":true,"href":"https:\/\/lafermeduharby.be\/index.php?rest_route=\/wp\/v2\/users\/1"}],"replies":[{"embeddable":true,"href":"https:\/\/lafermeduharby.be\/index.php?rest_route=%2Fwp%2Fv2%2Fcomments&post=113"}],"version-history":[{"count":2,"href":"https:\/\/lafermeduharby.be\/index.php?rest_route=\/wp\/v2\/posts\/113\/revisions"}],"predecessor-version":[{"id":354,"href":"https:\/\/lafermeduharby.be\/index.php?rest_route=\/wp\/v2\/posts\/113\/revisions\/354"}],"wp:attachment":[{"href":"https:\/\/lafermeduharby.be\/index.php?rest_route=%2Fwp%2Fv2%2Fmedia&parent=113"}],"wp:term":[{"taxonomy":"category","embeddable":true,"href":"https:\/\/lafermeduharby.be\/index.php?rest_route=%2Fwp%2Fv2%2Fcategories&post=113"},{"taxonomy":"post_tag","embeddable":true,"href":"https:\/\/lafermeduharby.be\/index.php?rest_route=%2Fwp%2Fv2%2Ftags&post=113"}],"curies":[{"name":"wp","href":"https:\/\/api.w.org\/{rel}","templated":true}]}}