{"id":347,"date":"2024-03-11T09:42:14","date_gmt":"2024-03-11T08:42:14","guid":{"rendered":"https:\/\/lafermeduharby.be\/?p=347"},"modified":"2024-03-11T09:52:56","modified_gmt":"2024-03-11T08:52:56","slug":"la-ferme-un-lieu","status":"publish","type":"post","link":"https:\/\/lafermeduharby.be\/?p=347","title":{"rendered":"La ferme, un lieu"},"content":{"rendered":"\t\t<div data-elementor-type=\"wp-post\" data-elementor-id=\"347\" class=\"elementor elementor-347\">\n\t\t\t\t\t\t<section class=\"elementor-section elementor-top-section elementor-element elementor-element-5e794af1 elementor-section-boxed elementor-section-height-default elementor-section-height-default\" data-id=\"5e794af1\" data-element_type=\"section\" data-e-type=\"section\">\n\t\t\t\t\t\t<div class=\"elementor-container elementor-column-gap-default\">\n\t\t\t\t\t<div class=\"elementor-column elementor-col-100 elementor-top-column elementor-element elementor-element-2169733e\" data-id=\"2169733e\" data-element_type=\"column\" data-e-type=\"column\">\n\t\t\t<div class=\"elementor-widget-wrap elementor-element-populated\">\n\t\t\t\t\t\t<div class=\"elementor-element elementor-element-3cfadb8a elementor-widget__width-initial elementor-widget elementor-widget-text-editor\" data-id=\"3cfadb8a\" data-element_type=\"widget\" data-e-type=\"widget\" data-widget_type=\"text-editor.default\">\n\t\t\t\t<div class=\"elementor-widget-container\">\n\t\t\t\t\t\t\t\t\t<p><\/p>\n<p><strong>L<\/strong><b>es fondations de la ferme du Harby datent probablement du 18<sup>\u00e8me<\/sup> si\u00e8cle\u2026<\/b>\u00a0 Se pr\u00e9sentant actuellement comme une grande ferme carr\u00e9e, elle fut cependant construite morceau par morceau, la partie la plus ancienne en \u00e9tant le corps de logis qui autrefois \u00e9tait couvert d\u2019un toit de chaume<\/p>\n<p><\/p>\n<p><\/p>\n<p>Un incendie ravage\u00e2t les b\u00e2timents agricoles \u00e0 la fin du 19<sup>\u00e8me<\/sup> si\u00e8cle,lesquels furent reconstruits tenant compte d\u00e9j\u00e0 de quelques \u00e9volutions importantes.<\/p>\n<p><\/p>\n<p><\/p>\n<p>Bien s\u00fbr l\u2019apparition du tracteur \u00e0 la fin des ann\u00e9es 50 marqu\u00e2t le d\u00e9but de nouvelles et importantes modifications utilitaires, mais pas n\u00e9cessairement esth\u00e9tiques\u2026 on pensait avant tout rentabilit\u00e9.<\/p>\n<p><\/p>\n<p><\/p>\n<p>Louis Duthoit acquit la ferme en 1805 et depuis, de pr\u00e8s ou de loin, elle ne quitta plus le patrimoine familial jusqu\u2019\u00e0 nos jours.<\/p>\n<p><\/p>\n<p><\/p>\n<p>En agriculteurs avis\u00e9s, les habitants du Harby ont toujours v\u00e9cu des productions de leur ferme, \u00e9levage et culture, viande, lait, c\u00e9r\u00e9ale, pomme de terre, betteraves\u2026<\/p>\n<p><\/p>\n<p><\/p>\n<p>L\u2019orientation actuelle des politiques agricoles aurait certes voulu voir une \u00e9volution de la production en superficie et en quantit\u00e9 de production\u2026<\/p>\n<p><\/p>\n<p><\/p>\n<p><strong>M<\/strong><b>arie-Claire et Bernard ont repris l\u2019exploitation en mars 1982.et d\u00e9lib\u00e9r\u00e9ment ont d\u00e9cid\u00e9 de ne pas accro\u00eetre la dimension de la ferme mais plus t\u00f4t d\u2019y greffer une activit\u00e9 compl\u00e9mentaire, une diversification\u2026\u00a0 C\u2019est ainsi que naquit en 1997 le projet de la ferme p\u00e9dagogique et de toutes les orientations qui en d\u00e9coul\u00e8rent.<\/b><\/p>\n<p><\/p>\n<p><\/p>\n<p>Dans les pages qui suivent, vous verrez comment \u2018l\u2019outil de production agricole\u2019 peut en m\u00eame temps \u00eatre \u2018outil\u2019 de p\u00e9dagogie, de loisir, de ressourcement, de th\u00e9rapie et \u00eatre source de nouveaux espaces cr\u00e9atifs et culturels<\/p>\n<p><\/p>\n<p><\/p>\n<p>Au travers des si\u00e8cles, l\u2019agriculture n\u2019a cess\u00e9 de s\u2019adapter aux besoins de la population\u2026<\/p>\n<p><\/p>\n<p><\/p>\n<p>Aujourd\u2019hui, pour notre population satur\u00e9e de bien de consommation de toute provenance et de toutes diversit\u00e9s, le besoin n\u2019est-il pas de simplement se retrouver avec la terre, l\u2019espace rural, la nature et la faune sauvage et domestique \u2026.<\/p>\n<p><\/p>\n<p><\/p>\n<p><strong>Situation\u00a0:<\/strong><\/p>\n<p><\/p>\n<p><\/p>\n<p><b>Anser\u0153ul est situ\u00e9 entre Tournai et Renaix et la ferme se situe \u00e0 l\u2019entr\u00e9e du \u00ab Parc naturel du Pays des Collines \u00bb. Il fait partie de la commune de Mont de l\u2019Enclus. La ferme applique des mesures \u00ab agri-environnement \u00bb : protection des haies, constitution de tourni\u00e8res en m\u00e9lange pr\u00e9-fleuri, mare et fauche tardive en zone humide le tout reli\u00e9 par un sentier p\u00e9dagogique de 5 km \u00e0 travers champs et bocage.<\/b><\/p>\n<p><\/p>\n<p><\/p>\n<p><\/p>\n<p><\/p>\n<p><a href=\"https:\/\/maps.app.goo.gl\/gPokrNgk1chiDaAs9\">https:\/\/maps.app.goo.gl\/gPokrNgk1chiDaAs9<\/a><\/p>\n<p><\/p>\t\t\t\t\t\t\t\t<\/div>\n\t\t\t\t<\/div>\n\t\t\t\t\t<\/div>\n\t\t<\/div>\n\t\t\t\t\t<\/div>\n\t\t<\/section>\n\t\t\t\t<section class=\"elementor-section elementor-top-section elementor-element elementor-element-4011cff elementor-section-boxed elementor-section-height-default elementor-section-height-default\" data-id=\"4011cff\" data-element_type=\"section\" data-e-type=\"section\">\n\t\t\t\t\t\t<div class=\"elementor-container elementor-column-gap-default\">\n\t\t\t\t\t<div class=\"elementor-column elementor-col-100 elementor-top-column elementor-element elementor-element-001c855\" data-id=\"001c855\" data-element_type=\"column\" data-e-type=\"column\">\n\t\t\t<div class=\"elementor-widget-wrap elementor-element-populated\">\n\t\t\t\t\t\t<div class=\"elementor-element elementor-element-3cc3af0 elementor-widget elementor-widget-image\" data-id=\"3cc3af0\" data-element_type=\"widget\" data-e-type=\"widget\" data-widget_type=\"image.default\">\n\t\t\t\t<div class=\"elementor-widget-container\">\n\t\t\t\t\t\t\t\t\t\t\t\t\t\t\t\t<a href=\"https:\/\/maps.app.goo.gl\/gPokrNgk1chiDaAs9\">\n\t\t\t\t\t\t\t<img fetchpriority=\"high\" decoding=\"async\" width=\"969\" height=\"786\" src=\"https:\/\/lafermeduharby.be\/wp-content\/uploads\/2024\/03\/carte-e1710146655663.png\" class=\"attachment-large size-large wp-image-349\" alt=\"\" srcset=\"https:\/\/lafermeduharby.be\/wp-content\/uploads\/2024\/03\/carte-e1710146655663.png 969w, https:\/\/lafermeduharby.be\/wp-content\/uploads\/2024\/03\/carte-e1710146655663-300x243.png 300w, https:\/\/lafermeduharby.be\/wp-content\/uploads\/2024\/03\/carte-e1710146655663-768x623.png 768w\" sizes=\"(max-width: 969px) 100vw, 969px\" \/>\t\t\t\t\t\t\t\t<\/a>\n\t\t\t\t\t\t\t\t\t\t\t\t\t\t\t<\/div>\n\t\t\t\t<\/div>\n\t\t\t\t\t<\/div>\n\t\t<\/div>\n\t\t\t\t\t<\/div>\n\t\t<\/section>\n\t\t\t\t<\/div>\n\t\t","protected":false},"excerpt":{"rendered":"<p>Les fondations de la ferme du Harby datent probablement du 18\u00e8me si\u00e8cle\u2026\u00a0 Se pr\u00e9sentant actuellement comme une grande ferme carr\u00e9e, elle fut cependant construite morceau par morceau, la partie la plus ancienne en \u00e9tant le corps de logis qui autrefois \u00e9tait couvert d\u2019un toit de chaume Un incendie ravage\u00e2t les b\u00e2timents agricoles \u00e0 la fin [&hellip;]<\/p>\n","protected":false},"author":4,"featured_media":0,"comment_status":"open","ping_status":"open","sticky":false,"template":"","format":"standard","meta":{"om_disable_all_campaigns":false,"_monsterinsights_skip_tracking":false,"_monsterinsights_sitenote_active":false,"_monsterinsights_sitenote_note":"","_monsterinsights_sitenote_category":0,"_uf_show_specific_survey":0,"_uf_disable_surveys":false,"ocean_post_layout":"","ocean_both_sidebars_style":"","ocean_both_sidebars_content_width":0,"ocean_both_sidebars_sidebars_width":0,"ocean_sidebar":"","ocean_second_sidebar":"","ocean_disable_margins":"enable","ocean_add_body_class":"","ocean_shortcode_before_top_bar":"","ocean_shortcode_after_top_bar":"","ocean_shortcode_before_header":"","ocean_shortcode_after_header":"","ocean_has_shortcode":"","ocean_shortcode_after_title":"","ocean_shortcode_before_footer_widgets":"","ocean_shortcode_after_footer_widgets":"","ocean_shortcode_before_footer_bottom":"","ocean_shortcode_after_footer_bottom":"","ocean_display_top_bar":"default","ocean_display_header":"default","ocean_header_style":"","ocean_center_header_left_menu":"","ocean_custom_header_template":"","ocean_custom_logo":0,"ocean_custom_retina_logo":0,"ocean_custom_logo_max_width":0,"ocean_custom_logo_tablet_max_width":0,"ocean_custom_logo_mobile_max_width":0,"ocean_custom_logo_max_height":0,"ocean_custom_logo_tablet_max_height":0,"ocean_custom_logo_mobile_max_height":0,"ocean_header_custom_menu":"","ocean_menu_typo_font_family":"","ocean_menu_typo_font_subset":"","ocean_menu_typo_font_size":0,"ocean_menu_typo_font_size_tablet":0,"ocean_menu_typo_font_size_mobile":0,"ocean_menu_typo_font_size_unit":"px","ocean_menu_typo_font_weight":"","ocean_menu_typo_font_weight_tablet":"","ocean_menu_typo_font_weight_mobile":"","ocean_menu_typo_transform":"","ocean_menu_typo_transform_tablet":"","ocean_menu_typo_transform_mobile":"","ocean_menu_typo_line_height":0,"ocean_menu_typo_line_height_tablet":0,"ocean_menu_typo_line_height_mobile":0,"ocean_menu_typo_line_height_unit":"","ocean_menu_typo_spacing":0,"ocean_menu_typo_spacing_tablet":0,"ocean_menu_typo_spacing_mobile":0,"ocean_menu_typo_spacing_unit":"","ocean_menu_link_color":"","ocean_menu_link_color_hover":"","ocean_menu_link_color_active":"","ocean_menu_link_background":"","ocean_menu_link_hover_background":"","ocean_menu_link_active_background":"","ocean_menu_social_links_bg":"","ocean_menu_social_hover_links_bg":"","ocean_menu_social_links_color":"","ocean_menu_social_hover_links_color":"","ocean_disable_title":"default","ocean_disable_heading":"default","ocean_post_title":"","ocean_post_subheading":"","ocean_post_title_style":"","ocean_post_title_background_color":"","ocean_post_title_background":0,"ocean_post_title_bg_image_position":"","ocean_post_title_bg_image_attachment":"","ocean_post_title_bg_image_repeat":"","ocean_post_title_bg_image_size":"","ocean_post_title_height":0,"ocean_post_title_bg_overlay":0.5,"ocean_post_title_bg_overlay_color":"","ocean_disable_breadcrumbs":"default","ocean_breadcrumbs_color":"","ocean_breadcrumbs_separator_color":"","ocean_breadcrumbs_links_color":"","ocean_breadcrumbs_links_hover_color":"","ocean_display_footer_widgets":"default","ocean_display_footer_bottom":"default","ocean_custom_footer_template":"","ocean_post_oembed":"","ocean_post_self_hosted_media":"","ocean_post_video_embed":"","ocean_link_format":"","ocean_link_format_target":"self","ocean_quote_format":"","ocean_quote_format_link":"post","ocean_gallery_link_images":"on","ocean_gallery_id":[],"footnotes":""},"categories":[10],"tags":[],"class_list":["post-347","post","type-post","status-publish","format-standard","hentry","category-agriculture-et-environnement","entry"],"aioseo_notices":[],"_links":{"self":[{"href":"https:\/\/lafermeduharby.be\/index.php?rest_route=\/wp\/v2\/posts\/347","targetHints":{"allow":["GET"]}}],"collection":[{"href":"https:\/\/lafermeduharby.be\/index.php?rest_route=\/wp\/v2\/posts"}],"about":[{"href":"https:\/\/lafermeduharby.be\/index.php?rest_route=\/wp\/v2\/types\/post"}],"author":[{"embeddable":true,"href":"https:\/\/lafermeduharby.be\/index.php?rest_route=\/wp\/v2\/users\/4"}],"replies":[{"embeddable":true,"href":"https:\/\/lafermeduharby.be\/index.php?rest_route=%2Fwp%2Fv2%2Fcomments&post=347"}],"version-history":[{"count":4,"href":"https:\/\/lafermeduharby.be\/index.php?rest_route=\/wp\/v2\/posts\/347\/revisions"}],"predecessor-version":[{"id":352,"href":"https:\/\/lafermeduharby.be\/index.php?rest_route=\/wp\/v2\/posts\/347\/revisions\/352"}],"wp:attachment":[{"href":"https:\/\/lafermeduharby.be\/index.php?rest_route=%2Fwp%2Fv2%2Fmedia&parent=347"}],"wp:term":[{"taxonomy":"category","embeddable":true,"href":"https:\/\/lafermeduharby.be\/index.php?rest_route=%2Fwp%2Fv2%2Fcategories&post=347"},{"taxonomy":"post_tag","embeddable":true,"href":"https:\/\/lafermeduharby.be\/index.php?rest_route=%2Fwp%2Fv2%2Ftags&post=347"}],"curies":[{"name":"wp","href":"https:\/\/api.w.org\/{rel}","templated":true}]}}